{"id":1133,"date":"2016-11-19T11:16:16","date_gmt":"2016-11-19T11:16:16","guid":{"rendered":"http:\/\/www.shukuru.fr\/?p=1133"},"modified":"2023-09-16T10:16:39","modified_gmt":"2023-09-16T10:16:39","slug":"le-ressenti-des-inegalites","status":"publish","type":"post","link":"https:\/\/www.shukuru.fr\/?p=1133","title":{"rendered":"Le ressenti des in\u00e9galit\u00e9s"},"content":{"rendered":"<div class=\"copy-paste-block\">\n<p>Plusieurs \u00e9tudes r\u00e9centes de l&rsquo;Insee font \u00e9tat d&rsquo;une r\u00e9duction des in\u00e9galit\u00e9s en France, et viennent contredire les discours alarmistes sur un creusement perp\u00e9tuel de celles-ci. Le coefficient de Gini, indicateur de mesure des in\u00e9galit\u00e9s de niveau de vie, est ainsi revenu au m\u00eame niveau qu&rsquo;avant la crise de 2008. L&rsquo;\u00e9tude sur l&rsquo;\u00e9volution du patrimoine, parue lundi, fait aussi \u00e9tat d&rsquo;une r\u00e9duction, certes tr\u00e8s minime, des in\u00e9galit\u00e9s entre\u00a02010 et\u00a02015. La\u00a0pauvret\u00e9 mon\u00e9taire, quant \u00e0 elle, est plut\u00f4t stable. Une chose est\u00a0s\u00fbre, les changements observ\u00e9s en France n&rsquo;ont rien \u00e0 voir avec\u00a0ceux qui ont cours aux Etats-Unis, o\u00f9 la spectaculaire envol\u00e9e des revenus des 1\u00a0% les plus riches a fortement aliment\u00e9 les d\u00e9bats pendant la campagne \u00e9lectorale. Comment, d\u00e8s lors, expliquer que la perception des Fran\u00e7ais soit plus sombre que la r\u00e9alit\u00e9\u00a0? D&rsquo;abord parce que, comme le souligne l&rsquo;\u00e9conomiste Jean Pisani-Ferry, la demande d&rsquo;\u00e9galit\u00e9 est plus forte en France qu&rsquo;ailleurs. Ensuite, parce que, globalement, le niveau de vie a tendance \u00e0 stagner depuis 2008, une dur\u00e9e sans pr\u00e9c\u00e9dent. Ce qui est source d&rsquo;insatisfactions \u00e0 tous les niveaux de richesse. Autre explication, plus politique\u00a0: plut\u00f4t que de vanter les r\u00e9alisations sociales du quinquennat (hausse du RSA, prime d&rsquo;activit\u00e9, etc.), la gauche s&rsquo;est sabord\u00e9e en\u00a0faisant un proc\u00e8s en trahison au chef de l&rsquo;Etat, accus\u00e9 de trop soutenir les entreprises. Enfin, derri\u00e8re ces donn\u00e9es globales se cachent des in\u00e9galit\u00e9s entre g\u00e9n\u00e9rations, qui marquent les familles. Le rapport sur le patrimoine montre que les in\u00e9galit\u00e9s augmentent avec l&rsquo;\u00e2ge, jusqu&rsquo;\u00e0 70\u00a0ans, avant de d\u00e9cliner. Les difficult\u00e9s rencontr\u00e9es par les jeunes pour se loger et int\u00e9grer le march\u00e9 du\u00a0travail inqui\u00e8tent particuli\u00e8rement. Seules des r\u00e9ponses \u00e0 ces\u00a0deux d\u00e9fis permettront de vaincre le pessimisme ambiant.<\/p>\n<h5>Etienne Lefebvre lesechos.fr 8 novembre 2016<\/h5>\n<\/div>\n<div class=\"copy-paste-block\">Article int\u00e9ressant qui montre qu&rsquo;il existe deux \u00ab\u00a0aspects\u00a0\u00bb de l&rsquo;in\u00e9galit\u00e9 :<\/div>\n<div class=\"copy-paste-block\">&#8211; un constat \u00ab\u00a0objectif\u00a0\u00bb, r\u00e9alis\u00e9 \u00e0 partir d&rsquo;indicateurs<\/div>\n<div class=\"copy-paste-block\">&#8211; un ressenti subjectif<\/div>\n<div class=\"copy-paste-block\">La difficult\u00e9 pour un \u00e9tat r\u00e9side dans le traitement de ces deux aspects de l\u2019in\u00e9galit\u00e9. Il est \u00e9vident et urgent de traiter les in\u00e9galit\u00e9s, afin de les limiter. Mais cela repose sur leur mesure et l&rsquo;efficacit\u00e9 de celle-ci. Ainsi la pauvret\u00e9 absolu diminue mais la pauvret\u00e9 relative semble augmenter.\u00a0 Est ce une bonne chose ,<\/div>\n<div class=\"copy-paste-block\">L&rsquo;\u00e9tat doit se pr\u00e9occuper du bien \u00eatre de ses citoyens. Or la perception des in\u00e9galit\u00e9s est essentielle \u00e0 ce bien \u00eatre. Si les m\u00e9nages estiment que dans leur pays les in\u00e9galit\u00e9s augmentent, ils seront moins \u00ab\u00a0heureux\u00a0\u00bb (\u00e0 moins d&rsquo;\u00eatre profond\u00e9ment \u00e9go\u00efste) . Dans ce cas cela peut avoir des cons\u00e9quences sur la productivit\u00e9 des travailleurs, sur la consommation, sur la confiance en l&rsquo;avenir. Ces \u00e9l\u00e9ments pourraient \u00eatre moins importants ce qui pourrait provoquer un ralentissement de la croissance !<\/div>\n<div class=\"copy-paste-block\">La perception des in\u00e9galit\u00e9s est donc tout aussi importante que le niveau des in\u00e9galit\u00e9s.<\/div>\n<div class=\"copy-paste-block\"><\/div>\n<div class=\"copy-paste-block\">Shukuru<\/div>\n","protected":false},"excerpt":{"rendered":"<p>Plusieurs \u00e9tudes r\u00e9centes de l&rsquo;Insee font \u00e9tat d&rsquo;une r\u00e9duction des in\u00e9galit\u00e9s en France, et viennent contredire les discours alarmistes sur un creusement perp\u00e9tuel de celles-ci. Le coefficient de Gini, indicateur de mesure des in\u00e9galit\u00e9s de niveau de vie, est ainsi revenu au m\u00eame niveau qu&rsquo;avant la crise de 2008. L&rsquo;\u00e9tude sur l&rsquo;\u00e9volution du patrimoine, parue &#8230; <a href=\"https:\/\/www.shukuru.fr\/?p=1133\" class=\"more-link\">Read More<span class=\"screen-reader-text\"> \u00ab\u00a0Le ressenti des in\u00e9galit\u00e9s\u00a0\u00bb<\/span> &raquo;<\/a><\/p>\n","protected":false},"author":2,"featured_media":0,"comment_status":"open","ping_status":"open","sticky":false,"template":"","format":"standard","meta":{"footnotes":""},"categories":[47],"tags":[],"class_list":["post-1133","post","type-post","status-publish","format-standard","hentry","category-archives"],"_links":{"self":[{"href":"https:\/\/www.shukuru.fr\/index.php?rest_route=\/wp\/v2\/posts\/1133","targetHints":{"allow":["GET"]}}],"collection":[{"href":"https:\/\/www.shukuru.fr\/index.php?rest_route=\/wp\/v2\/posts"}],"about":[{"href":"https:\/\/www.shukuru.fr\/index.php?rest_route=\/wp\/v2\/types\/post"}],"author":[{"embeddable":true,"href":"https:\/\/www.shukuru.fr\/index.php?rest_route=\/wp\/v2\/users\/2"}],"replies":[{"embeddable":true,"href":"https:\/\/www.shukuru.fr\/index.php?rest_route=%2Fwp%2Fv2%2Fcomments&post=1133"}],"version-history":[{"count":1,"href":"https:\/\/www.shukuru.fr\/index.php?rest_route=\/wp\/v2\/posts\/1133\/revisions"}],"predecessor-version":[{"id":2080,"href":"https:\/\/www.shukuru.fr\/index.php?rest_route=\/wp\/v2\/posts\/1133\/revisions\/2080"}],"wp:attachment":[{"href":"https:\/\/www.shukuru.fr\/index.php?rest_route=%2Fwp%2Fv2%2Fmedia&parent=1133"}],"wp:term":[{"taxonomy":"category","embeddable":true,"href":"https:\/\/www.shukuru.fr\/index.php?rest_route=%2Fwp%2Fv2%2Fcategories&post=1133"},{"taxonomy":"post_tag","embeddable":true,"href":"https:\/\/www.shukuru.fr\/index.php?rest_route=%2Fwp%2Fv2%2Ftags&post=1133"}],"curies":[{"name":"wp","href":"https:\/\/api.w.org\/{rel}","templated":true}]}}