{"id":1208,"date":"2017-04-09T10:51:15","date_gmt":"2017-04-09T10:51:15","guid":{"rendered":"http:\/\/www.shukuru.fr\/?p=1208"},"modified":"2023-09-16T10:22:48","modified_gmt":"2023-09-16T10:22:48","slug":"fiche-de-cours-chapitre-9","status":"publish","type":"post","link":"https:\/\/www.shukuru.fr\/?p=1208","title":{"rendered":"Fiche de cours chapitre 9"},"content":{"rendered":"<h1><strong>Travail, emploi, ch\u00f4mage <\/strong><\/h1>\n<h1>Chapitre 9 : Quelles politiques pour l\u2019emploi\u00a0?<\/h1>\n<p>&nbsp;<\/p>\n<p>Notions\u00a0: Flexibilit\u00e9 du march\u00e9 du travail, taux de ch\u00f4mage, taux d\u2019emploi, qualification, demande anticip\u00e9e, salariat, pr\u00e9carit\u00e9, pauvret\u00e9.<\/p>\n<p><strong>\u00a0<\/strong><\/p>\n<p><strong>Plan<\/strong><\/p>\n<p>Introduction<\/p>\n<ol>\n<li>L\u2019emploi et l\u2019int\u00e9gration sociale<\/li>\n<\/ol>\n<p>La transformation du travail<\/p>\n<p>Le d\u00e9veloppement de la flexibilit\u00e9<\/p>\n<p>L\u2019Etat tente de maintenir le lien social<\/p>\n<ol start=\"2\">\n<li>Les politiques de lutte contre le ch\u00f4mage<\/li>\n<\/ol>\n<p>Les politiques de soutien de la demande<\/p>\n<p>Les politiques de diminution du co\u00fbt du travail<\/p>\n<p>Les politiques d\u2019accompagnement des ch\u00f4meurs<\/p>\n<p>Conclusion<\/p>\n<p>================================================================================<\/p>\n<p><strong>En compl\u00e9ment<\/strong><\/p>\n<p><strong>\u00a0Video<\/strong><\/p>\n<p><a href=\"https:\/\/www.youtube.com\/watch?v=rJDWRgOzPyM\">https:\/\/www.youtube.com\/watch?v=rJDWRgOzPyM<\/a><\/p>\n<p><a href=\"https:\/\/www.youtube.com\/watch?v=mvFDRc08vRwStatistiques\">https:\/\/www.youtube.com\/watch?v=mvFDRc08vRwStatistiques<\/a><\/p>\n<p><a href=\"http:\/\/www.canal-u.tv\/video\/canal_socio\/la_flexibilite.5894\">http:\/\/www.canal-u.tv\/video\/canal_socio\/la_flexibilite.5894<\/a><\/p>\n<p><strong>\u00a0Statistiques<\/strong><\/p>\n<p><a href=\"https:\/\/www.insee.fr\/fr\/statistiques\/1906673?sommaire=1906743\">https:\/\/www.insee.fr\/fr\/statistiques\/1906673?sommaire=1906743<\/a><\/p>\n<p><a href=\"http:\/\/www.institut-entreprise.fr\/reflexions\/societal\/blog\/emploi-linsee-valide-la-these-dune-dualisation-du-marche-du-travail\">http:\/\/www.institut-entreprise.fr\/reflexions\/societal\/blog\/emploi-linsee-valide-la-these-dune-dualisation-du-marche-du-travail<\/a><\/p>\n<p><strong>\u00a0<\/strong><\/p>\n<p>R\u00e9sum\u00e9 du chapitre<\/p>\n<p>Le travail s\u2019est transform\u00e9 depuis une trentaine d\u2019ann\u00e9e. Le temps partiel et la pr\u00e9carit\u00e9 ont augment\u00e9, le sous emploi s\u2019est d\u00e9velopp\u00e9 et le ch\u00f4mage n\u2019a cess\u00e9 de cro\u00eetre. Ces \u00e9volutions fragilisent le travail dans son r\u00f4le int\u00e9grateur. L\u2019Etat tente de maintenir le lien social en encadrant le travail et en d\u00e9veloppant une flexis\u00e9rcurit\u00e9.<\/p>\n<p>La lutte contre le ch\u00f4mage peut prendre diff\u00e9rentes formes, en fonction du type de ch\u00f4mage. Elle peut se concentrer sur la demande si celle-ci est insuffisante ou au contraire aider l\u2019offre (en baissant le co\u00fbt du travail)\u00a0; il est possible \u00e9galement de d\u00e9velopper la flexibilit\u00e9 du travail ou d\u2019aider \u00e0 la formation des offreurs<\/p>\n<p>&nbsp;<\/p>\n<p>R\u00e9sum\u00e9 sur shukuru.fr <a href=\"https:\/\/www.shukuru.fr\/?p=768\">https:\/\/www.shukuru.fr\/?p=768<\/a><\/p>\n<p><strong>\u00a0<\/strong><\/p>\n<p>Sujet de BAC (Type EC3 ou Dissertation)<\/p>\n<ul>\n<li>Le ch\u00f4mage remet-il n\u00e9cessairement en cause l&rsquo;int\u00e9gration sociale ? (Dissertation)<\/li>\n<li>Vous pr\u00e9senterez les effets des asym\u00e9tries d&rsquo;information et de la segmentation du march\u00e9 du travail sur le fonctionnement de ce march\u00e9. (EC3)<\/li>\n<li>Montrez que le salaire ne d\u00e9pend pas que du march\u00e9 du travail (EC3)<\/li>\n<\/ul>\n","protected":false},"excerpt":{"rendered":"<p>Travail, emploi, ch\u00f4mage Chapitre 9 : Quelles politiques pour l\u2019emploi\u00a0? &nbsp; Notions\u00a0: Flexibilit\u00e9 du march\u00e9 du travail, taux de ch\u00f4mage, taux d\u2019emploi, qualification, demande anticip\u00e9e, salariat, pr\u00e9carit\u00e9, pauvret\u00e9. \u00a0 Plan Introduction L\u2019emploi et l\u2019int\u00e9gration sociale La transformation du travail Le d\u00e9veloppement de la flexibilit\u00e9 L\u2019Etat tente de maintenir le lien social Les politiques de lutte &#8230; <a href=\"https:\/\/www.shukuru.fr\/?p=1208\" class=\"more-link\">Read More<span class=\"screen-reader-text\"> \u00ab\u00a0Fiche de cours chapitre 9\u00a0\u00bb<\/span> &raquo;<\/a><\/p>\n","protected":false},"author":2,"featured_media":0,"comment_status":"open","ping_status":"open","sticky":false,"template":"","format":"standard","meta":{"footnotes":""},"categories":[55],"tags":[],"class_list":["post-1208","post","type-post","status-publish","format-standard","hentry","category-fiche-de-cours-terminales"],"_links":{"self":[{"href":"https:\/\/www.shukuru.fr\/index.php?rest_route=\/wp\/v2\/posts\/1208","targetHints":{"allow":["GET"]}}],"collection":[{"href":"https:\/\/www.shukuru.fr\/index.php?rest_route=\/wp\/v2\/posts"}],"about":[{"href":"https:\/\/www.shukuru.fr\/index.php?rest_route=\/wp\/v2\/types\/post"}],"author":[{"embeddable":true,"href":"https:\/\/www.shukuru.fr\/index.php?rest_route=\/wp\/v2\/users\/2"}],"replies":[{"embeddable":true,"href":"https:\/\/www.shukuru.fr\/index.php?rest_route=%2Fwp%2Fv2%2Fcomments&post=1208"}],"version-history":[{"count":1,"href":"https:\/\/www.shukuru.fr\/index.php?rest_route=\/wp\/v2\/posts\/1208\/revisions"}],"predecessor-version":[{"id":2061,"href":"https:\/\/www.shukuru.fr\/index.php?rest_route=\/wp\/v2\/posts\/1208\/revisions\/2061"}],"wp:attachment":[{"href":"https:\/\/www.shukuru.fr\/index.php?rest_route=%2Fwp%2Fv2%2Fmedia&parent=1208"}],"wp:term":[{"taxonomy":"category","embeddable":true,"href":"https:\/\/www.shukuru.fr\/index.php?rest_route=%2Fwp%2Fv2%2Fcategories&post=1208"},{"taxonomy":"post_tag","embeddable":true,"href":"https:\/\/www.shukuru.fr\/index.php?rest_route=%2Fwp%2Fv2%2Ftags&post=1208"}],"curies":[{"name":"wp","href":"https:\/\/api.w.org\/{rel}","templated":true}]}}