{"id":1215,"date":"2017-05-02T09:31:11","date_gmt":"2017-05-02T09:31:11","guid":{"rendered":"http:\/\/www.shukuru.fr\/?p=1215"},"modified":"2023-09-16T10:22:35","modified_gmt":"2023-09-16T10:22:35","slug":"fiche-cours-chapitre-12","status":"publish","type":"post","link":"https:\/\/www.shukuru.fr\/?p=1215","title":{"rendered":"Fiche cours Chapitre 12"},"content":{"rendered":"<h1><strong>Int\u00e9gration, conflit, changement social<\/strong><\/h1>\n<p>&nbsp;<\/p>\n<h2>Chapitre 4\u00a0: la conflictualit\u00e9 sociale\u00a0: pathologie, facteur de coh\u00e9sion ou moteur du changement social ?<\/h2>\n<p>&nbsp;<\/p>\n<h3>Notions\u00a0: conflits sociaux, mouvements sociaux, r\u00e9gulation des conflits, syndicat<\/h3>\n<p><strong>\u00a0<\/strong><\/p>\n<p><strong>Plan<\/strong><\/p>\n<p>Introduction<\/p>\n<p>1. Deux approches des conflits<br \/>\nA. Les conflits sont-ils une pathologie sociale\u00a0?<br \/>\nB. Ou un facteur d\u2019int\u00e9gration\u00a0?<\/p>\n<p>2.Conflit et changement social<br \/>\nA. Le conflit moteur du changement social<br \/>\nB. Le conflit comme r\u00e9sistance aux changements soci\u00e9taux<\/p>\n<p>3. Mutations des conflits<br \/>\nA. Les conflits du travail reculent<br \/>\nB. D\u2019autres types de conflits \u00e9mergent<\/p>\n<p>4. La r\u00e9gulation des conflits<\/p>\n<p>Conclusion<\/p>\n<p>================================================================================<br \/>\n<strong>En compl\u00e9ment<\/strong><\/p>\n<p><strong>\u00a0<\/strong><\/p>\n<p><strong>Video<\/strong><\/p>\n<p><a href=\"http:\/\/www.dailymotion.com\/video\/x92ltw_radicalisation-des-conflits-sociaux_news\">http:\/\/www.dailymotion.com\/video\/x92ltw_radicalisation-des-conflits-sociaux_news<\/a><\/p>\n<p><a href=\"http:\/\/www.dailymotion.com\/video\/x92ltb_etude-du-conflit-dans-l-entreprise_news\">http:\/\/www.dailymotion.com\/video\/x92ltb_etude-du-conflit-dans-l-entreprise_news<\/a><\/p>\n<p><a href=\"http:\/\/www.dailymotion.com\/video\/x92lu9_augmentation-des-conflits-sociaux_news\">http:\/\/www.dailymotion.com\/video\/x92lu9_augmentation-des-conflits-sociaux_news<\/a><\/p>\n<p><strong>Air France<\/strong><\/p>\n<p>http:\/\/www.lemonde.fr\/economie\/article\/2015\/10\/06\/air-france-un-an-de-conflit-en-trois-dates_4783704_3234.html<\/p>\n<p><strong>Statistiques<\/strong><\/p>\n<p><a href=\"http:\/\/travail-emploi.gouv.fr\/IMG\/xls\/serie_longue_1975_2004.xls\">http:\/\/travail-emploi.gouv.fr\/IMG\/xls\/serie_longue_1975_2004.xls<\/a><\/p>\n<p><strong>Fiche concept<\/strong><\/p>\n<p><a href=\"http:\/\/ses.tice.ac-orleans-tours.fr\/php5\/pedagogie\/pedagogie_par_niveau\/terminale\/documents\/fondamentaux\/22_fiche_concept_conflits.doc\">http:\/\/ses.tice.ac-orleans-tours.fr\/php5\/pedagogie\/pedagogie_par_niveau\/terminale\/documents\/fondamentaux\/22_fiche_concept_conflits.doc<\/a><\/p>\n<p>&nbsp;<\/p>\n<p>R\u00e9sum\u00e9 du chapitre<\/p>\n<p>Durkheim a \u00e9tudi\u00e9 les conflits sociaux, en les pr\u00e9sentant comme une pathologie sociale, ce serait la manifestation de l\u2019\u00e9volution de notre soci\u00e9t\u00e9, des formes de solidarit\u00e9 et de l\u2019int\u00e9gration.<\/p>\n<p>Les conflits peuvent \u00e9galement \u00eatre une manifestation du changement social (Marx, Dahrendorf).<\/p>\n<p>On constate que les conflits \u00e9voluent. Ils \u00ab\u00a0sortent\u00a0\u00bb de l\u2019entreprise, ils ne sont plus sp\u00e9cifiques \u00e0 certaines PCS, et rassemblent des acteurs diff\u00e9rents, les enjeux se transforment, comme les formes de conflit.<\/p>\n<p>&nbsp;<\/p>\n<p>R\u00e9sum\u00e9 sur shukuru.fr https:\/\/www.shukuru.fr\/?p=742<\/p>\n<p><strong>\u00a0<\/strong><\/p>\n<p><strong>Sujets de BAC (Type EC3 ou Dissertation)<\/strong><\/p>\n<ol>\n<li style=\"list-style-type: none;\">\n<ul>\n<li>Quels r\u00f4les jouent les conflits sociaux dans le changement social ?<\/li>\n<li>Vous montrerez que les conflits sociaux peuvent favoriser la coh\u00e9sion sociale. (EC3)<\/li>\n<\/ul>\n<\/li>\n<\/ol>\n","protected":false},"excerpt":{"rendered":"<p>Int\u00e9gration, conflit, changement social &nbsp; Chapitre 4\u00a0: la conflictualit\u00e9 sociale\u00a0: pathologie, facteur de coh\u00e9sion ou moteur du changement social ? &nbsp; Notions\u00a0: conflits sociaux, mouvements sociaux, r\u00e9gulation des conflits, syndicat \u00a0 Plan Introduction 1. Deux approches des conflits A. Les conflits sont-ils une pathologie sociale\u00a0? B. Ou un facteur d\u2019int\u00e9gration\u00a0? 2.Conflit et changement social A. &#8230; <a href=\"https:\/\/www.shukuru.fr\/?p=1215\" class=\"more-link\">Read More<span class=\"screen-reader-text\"> \u00ab\u00a0Fiche cours Chapitre 12\u00a0\u00bb<\/span> &raquo;<\/a><\/p>\n","protected":false},"author":2,"featured_media":0,"comment_status":"open","ping_status":"open","sticky":false,"template":"","format":"standard","meta":{"footnotes":""},"categories":[55],"tags":[],"class_list":["post-1215","post","type-post","status-publish","format-standard","hentry","category-fiche-de-cours-terminales"],"_links":{"self":[{"href":"https:\/\/www.shukuru.fr\/index.php?rest_route=\/wp\/v2\/posts\/1215","targetHints":{"allow":["GET"]}}],"collection":[{"href":"https:\/\/www.shukuru.fr\/index.php?rest_route=\/wp\/v2\/posts"}],"about":[{"href":"https:\/\/www.shukuru.fr\/index.php?rest_route=\/wp\/v2\/types\/post"}],"author":[{"embeddable":true,"href":"https:\/\/www.shukuru.fr\/index.php?rest_route=\/wp\/v2\/users\/2"}],"replies":[{"embeddable":true,"href":"https:\/\/www.shukuru.fr\/index.php?rest_route=%2Fwp%2Fv2%2Fcomments&post=1215"}],"version-history":[{"count":1,"href":"https:\/\/www.shukuru.fr\/index.php?rest_route=\/wp\/v2\/posts\/1215\/revisions"}],"predecessor-version":[{"id":2059,"href":"https:\/\/www.shukuru.fr\/index.php?rest_route=\/wp\/v2\/posts\/1215\/revisions\/2059"}],"wp:attachment":[{"href":"https:\/\/www.shukuru.fr\/index.php?rest_route=%2Fwp%2Fv2%2Fmedia&parent=1215"}],"wp:term":[{"taxonomy":"category","embeddable":true,"href":"https:\/\/www.shukuru.fr\/index.php?rest_route=%2Fwp%2Fv2%2Fcategories&post=1215"},{"taxonomy":"post_tag","embeddable":true,"href":"https:\/\/www.shukuru.fr\/index.php?rest_route=%2Fwp%2Fv2%2Ftags&post=1215"}],"curies":[{"name":"wp","href":"https:\/\/api.w.org\/{rel}","templated":true}]}}