{"id":1222,"date":"2017-05-27T15:33:49","date_gmt":"2017-05-27T15:33:49","guid":{"rendered":"http:\/\/www.shukuru.fr\/?p=1222"},"modified":"2023-08-30T09:20:08","modified_gmt":"2023-08-30T09:20:08","slug":"td-25","status":"publish","type":"post","link":"https:\/\/www.shukuru.fr\/?p=1222","title":{"rendered":"TD 25"},"content":{"rendered":"<p><strong>TD\u00a0 \u00a025 D\u00e9veloppement durable<\/strong><\/p>\n<p>&nbsp;<\/p>\n<p><strong>Document 1\u00a0:<\/strong><\/p>\n<p>L\u2019\u00e9conomie africaine devrait croitre en moyenne de pr\u00e8s de 5 % cette ann\u00e9e, mais \u00ab\u00a0satisfaire des besoins de base quotidien reste un d\u00e9fi majeur pour la majorit\u00e9 des Africains\u00a0\u00bb a comment\u00e9 Afrobarom\u00e8tre [\u2026]<\/p>\n<p>De nombreux Africains manquent toujours d\u2019eau et de nourriture, n\u2019ont pas un acc\u00e8s suffisant aux soins et sont souvent \u00e0 court d\u2019argent [\u2026]<\/p>\n<p>Les gens les plus pauvres habitent dans les zones o\u00f9 les gouvernements n\u2019ont pas construit d\u2019infrastructures de base\u00a0: \u00ab\u00a0les donn\u00e9es montrent des corr\u00e9lations significatives entre l\u2019acc\u00e8s aux r\u00e9seaux \u00e9lectriques, l\u2019existence de canalisations d\u2019eau et d\u2019autres services de base et les plus forts niveaux de pauvret\u00e9 v\u00e9cue\u00a0\u00bb\u00a0; Le faible niveau d\u2019instruction a \u00e9galement une grande influence sur la pauvret\u00e9.<\/p>\n<p>Les chercheurs d\u2019Afrobarom\u00e8tre exhortent les gouvernements du continent \u00e0 porter leurs efforts sur la r\u00e9duction de la pauvret\u00e9 plut\u00f4t que de se focaliser simplement sur la croissance de leurs \u00e9conomies. \u00ab\u00a0Les investissements dans l\u2019\u00e9ducation et les infrastructures peuvent \u00eatre l\u2019un des moyens les plus efficaces pour que les gains \u00e9conomiques atteignent les citoyens les plus pauvres du continent.\u00a0\u00bb<\/p>\n<p><em>Afrique\u00a0: quand la croissance \u00e9conomique ne change rien \u00e0 la pauvret\u00e9, L\u2019expansion.com, 1<sup>er<\/sup> octobre 2013<\/em><\/p>\n<p>&nbsp;<\/p>\n<ol>\n<li>Pourquoi la croissance en Afrique ne r\u00e9sout-elle pas tous les probl\u00e8mes\u00a0?<\/li>\n<li>Expliquez le deuxi\u00e8me paragraphe<\/li>\n<li>Quel lien peut-on faire entre croissance et d\u00e9veloppement\u00a0?<\/li>\n<li>Le d\u00e9veloppement durable est-il actuellement une pr\u00e9occupation de l\u2019Afrique\u00a0?<\/li>\n<\/ol>\n<p>&nbsp;<\/p>\n<p><strong>Document 2\u00a0:<\/strong><\/p>\n<ol>\n<li>Analyse de document<\/li>\n<li>Quelles cons\u00e9quences peut avoir l\u2019\u00e9volution des temp\u00e9ratures sur notre soci\u00e9t\u00e9\u00a0?<\/li>\n<\/ol>\n<p>&nbsp;<\/p>\n<p><strong>Document 3\u00a0:<\/strong><\/p>\n<p>Si le tri s\u00e9lectif est devenu le premier geste \u00e9cologique en\u00a0<a href=\"http:\/\/www.lemonde.fr\/europeennes-france\/\">France<\/a>, il reste pourtant encore trop occasionnel : 87 % des Fran\u00e7ais trient leurs d\u00e9chets, mais seulement 44 % d&rsquo;entre eux le font de mani\u00e8re syst\u00e9matique, selon le premier\u00a0<a href=\"http:\/\/www.ecoemballages.fr\/sites\/default\/files\/files\/espace-presse\/dossierdepresse_ee_resultats_campagne_juin2014.pdf\">Observatoire du geste de tri\u00a0publi\u00e9 vendredi 20 juin<\/a>\u00a0et r\u00e9alis\u00e9 par Ipsos pour Eco-Emballages,\u00a0l&rsquo;\u00e9co-organisme charg\u00e9 de\u00a0<a href=\"http:\/\/conjugaison.lemonde.fr\/conjugaison\/premier-groupe\/financer\/\">financer<\/a>\u00a0le tri et le recyclage des emballages m\u00e9nagers. Par ailleurs, 18 % des Fran\u00e7ais \u00e2g\u00e9s de 15 \u00e0 24 ans ne trient jamais leurs ordures m\u00e9nag\u00e8res, contre 13 % pour la moyenne nationale.<\/p>\n<p>Le type d&rsquo;<a href=\"http:\/\/www.lemonde.fr\/smart-cities-habitat\/\">habitat<\/a>\u00a0entre \u00e9galement en ligne de compte puisqu&rsquo;on trie deux fois plus \u00e0 la campagne qu&rsquo;\u00e0 la ville, o\u00f9 le manque de place p\u00e9nalise la pr\u00e9sence de bacs de recyclage.<\/p>\n<p>Au total, en 2013, chaque Fran\u00e7ais a tri\u00e9 en moyenne 46,3 kg d&#8217;emballages m\u00e9nagers. Cons\u00e9quence : 3,2 millions de tonnes ont \u00e9t\u00e9 recycl\u00e9es l&rsquo;an dernier, soit un taux de recyclage de 67 %, stable depuis plusieurs ann\u00e9es.<\/p>\n<p>Si cette collecte s\u00e9lective a permis d&rsquo;<a href=\"http:\/\/conjugaison.lemonde.fr\/conjugaison\/premier-groupe\/%C3%A9viter\/\">\u00e9viter<\/a>\u00a0l&rsquo;\u00e9mission de 2,1 millions de tonnes de CO2, soit l&rsquo;\u00e9quivalent d&rsquo;un million de\u00a0<a href=\"http:\/\/www.lemonde.fr\/voitures\/\">voitures<\/a>\u00a0qui circulent pendant un an, elle reste en de\u00e7\u00e0 des objectifs du Grenelle de<\/p>\n<p><strong>\u00a0<\/strong><\/p>\n<p>l&rsquo;<a href=\"http:\/\/www.lemonde.fr\/environnement\/\">environnement<\/a>,\u00a0<a href=\"http:\/\/www.developpement-durable.gouv.fr\/Dechets-d-emballages-menagers,12038.html\">qui pr\u00e9voyait d&rsquo;atteindre un taux de recyclage de 75 % en 2012<\/a>. Dans un\u00a0<a href=\"http:\/\/www.ecoemballages.fr\/sites\/default\/files\/documents\/cour_des_comptes-observations.pdf\">rapport publi\u00e9 en janvier<\/a>, la Cour des comptes notait la difficult\u00e9 \u00e0\u00a0<a href=\"http:\/\/conjugaison.lemonde.fr\/conjugaison\/troisieme-groupe\/atteindre\/\">atteindre<\/a>\u00a0cet objectif et pointait du doigt les mauvais \u00e9l\u00e8ves : le Sud-Est et les centres urbains.<\/p>\n<p>\u00ab Le geste du tri est pl\u00e9biscit\u00e9 par les Fran\u00e7ais, mais il ne fonctionne pas encore partout ni dans toutes les cat\u00e9gories de populations. Nous devons tout\u00a0<a href=\"http:\/\/conjugaison.lemonde.fr\/conjugaison\/troisieme-groupe\/faire\/\">faire<\/a>\u00a0pour le\u00a0<a href=\"http:\/\/conjugaison.lemonde.fr\/conjugaison\/troisieme-groupe\/rendre\/\">rendre<\/a>\u00a0exemplaire et\u00a0<a href=\"http:\/\/conjugaison.lemonde.fr\/conjugaison\/premier-groupe\/relancer\/\">relancer<\/a>\u00a0la collecte s\u00e9lective, qui s&rsquo;est stabilis\u00e9e depuis quelques ann\u00e9es \u00bb,\u00a0assure Eric Brac de La Perri\u00e8re, directeur g\u00e9n\u00e9ral d&rsquo;Eco-Emballages.<\/p>\n<p><em>Le Monde.fr\u00a0\u00a020.06.2014 Audrey Garric<\/em><\/p>\n<p><strong>\u00a0<\/strong><\/p>\n<ol>\n<li>Que montre le graphe ?<\/li>\n<li>Pourquoi existe-t-il ces diff\u00e9rences entre g\u00e9n\u00e9rations\u00a0?<\/li>\n<li>Pourquoi les objectifs ne sont-ils pas atteints\u00a0?<\/li>\n<li>Le tri est-il une solution pour pr\u00e9server l\u2019environnement\u00a0?<\/li>\n<\/ol>\n<p>&nbsp;<\/p>\n<p><strong>Document 4\u00a0:<\/strong><\/p>\n<p>On dit qu\u2019il y a externalit\u00e9 lorsque l\u2019activit\u00e9 de consommation ou de production d\u2019un agent a une influence sur le bien-\u00eatre d\u2019un autre sans que cette interaction ne fasse l\u2019objet d\u2019une transaction \u00e9conomique.<\/p>\n<p>On distingue les externalit\u00e9s n\u00e9gatives et les externalit\u00e9s positives.<\/p>\n<p>La pollution est l\u2019exemple le plus typique d\u2019externalit\u00e9 n\u00e9gative : lorsqu\u2019une usine pollue son environnement en rejetant des d\u00e9chets, elle inflige une nuisance aux habitants de la r\u00e9gion. Elle peut \u00eatre visuelle (la construction d\u2019un \u00e9quipement productif ou m\u00eame de logements peut alt\u00e9rer la vue initiale des riverains), sonore, ou de mani\u00e8re plus g\u00e9n\u00e9rale, modifier certains \u00e9quilibres naturels ce qui, indirectement, peut affecter le bien-\u00eatre de certains agents de l\u2019\u00e9conomie.<\/p>\n<p>L\u2019encombrement d\u00fb \u00e0 la circulation automobile est un exemple d\u2019externalit\u00e9 n\u00e9gative r\u00e9ciproque\u00a0: chaque automobiliste g\u00eane son voisin de sorte que l\u2019augmentation de la circulation entra\u00eene une congestion qui rend les d\u00e9placements de plus en plus difficile.<\/p>\n<p>On parle d\u2019externalit\u00e9 positive dans le cas o\u00f9 l\u2019interaction aboutit \u00e0 une augmentation de bien-\u00eatre. L\u2019effet de norme ou de club est l\u2019exemple d\u2019externalit\u00e9 positive r\u00e9ciproque : la valeur accord\u00e9e par un consommateur \u00e0 un produit ou \u00e0 un service augmente lorsque le nombre de consommateurs de ce produit ou service s\u2019accro\u00eet. Ainsi en est-il par exemple du t\u00e9l\u00e9phone ou de la t\u00e9l\u00e9copie: plus le r\u00e9seau est \u00e9tendu, plus nombreux sont les correspondants accessibles et donc plus le raccordement devient int\u00e9ressant pour un nouvel abonn\u00e9.<\/p>\n<p>La caract\u00e9ristique d\u2019une externalit\u00e9 est de ne pas\u00a0\u00a0\u00eatre associ\u00e9e \u00e0 une transaction \u00e9conomique. Il en r\u00e9sulte que l\u2019arbitrage pr\u00e9sidant \u00e0\u00a0\u00a0la d\u00e9cision priv\u00e9e ne tient pas compte des co\u00fbts ou des avantages associ\u00e9s \u00e0 l\u2019externalit\u00e9. Dans le cas d\u2019une externalit\u00e9 n\u00e9gative cette omission aboutit \u00e0 une sur-production. Dans le cas d\u2019externalit\u00e9 positive cela conduit au contraire \u00e0 une sous production.<\/p>\n<p>Restaurer l\u2019efficacit\u00e9 suppose alors la mise en place d\u2019instruments dont l\u2019objectif est d\u2019internaliser l\u2019externalit\u00e9. C\u2019est \u00e0 dire des instruments susceptibles de r\u00e9introduire les co\u00fbts ou avantages externes dans l\u2019arbitrage priv\u00e9.<\/p>\n<p>&nbsp;<\/p>\n<ol>\n<li>Qu\u2019est ce qu\u2019une externalit\u00e9\u00a0?<\/li>\n<li>Pourquoi existent-elles\u00a0?<\/li>\n<li>En quoi posent-elles probl\u00e8mes\u00a0?<\/li>\n<li>Quels sont les rem\u00e8des aux externalit\u00e9s n\u00e9gatives en mati\u00e8re d\u2019environnement\u00a0?<\/li>\n<\/ol>\n","protected":false},"excerpt":{"rendered":"<p>TD\u00a0 \u00a025 D\u00e9veloppement durable &nbsp; Document 1\u00a0: L\u2019\u00e9conomie africaine devrait croitre en moyenne de pr\u00e8s de 5 % cette ann\u00e9e, mais \u00ab\u00a0satisfaire des besoins de base quotidien reste un d\u00e9fi majeur pour la majorit\u00e9 des Africains\u00a0\u00bb a comment\u00e9 Afrobarom\u00e8tre [\u2026] De nombreux Africains manquent toujours d\u2019eau et de nourriture, n\u2019ont pas un acc\u00e8s suffisant aux &#8230; <a href=\"https:\/\/www.shukuru.fr\/?p=1222\" class=\"more-link\">Read More<span class=\"screen-reader-text\"> \u00ab\u00a0TD 25\u00a0\u00bb<\/span> &raquo;<\/a><\/p>\n","protected":false},"author":2,"featured_media":0,"comment_status":"open","ping_status":"open","sticky":false,"template":"","format":"standard","meta":{"footnotes":""},"categories":[41],"tags":[],"class_list":["post-1222","post","type-post","status-publish","format-standard","hentry","category-td-e"],"_links":{"self":[{"href":"https:\/\/www.shukuru.fr\/index.php?rest_route=\/wp\/v2\/posts\/1222","targetHints":{"allow":["GET"]}}],"collection":[{"href":"https:\/\/www.shukuru.fr\/index.php?rest_route=\/wp\/v2\/posts"}],"about":[{"href":"https:\/\/www.shukuru.fr\/index.php?rest_route=\/wp\/v2\/types\/post"}],"author":[{"embeddable":true,"href":"https:\/\/www.shukuru.fr\/index.php?rest_route=\/wp\/v2\/users\/2"}],"replies":[{"embeddable":true,"href":"https:\/\/www.shukuru.fr\/index.php?rest_route=%2Fwp%2Fv2%2Fcomments&post=1222"}],"version-history":[{"count":1,"href":"https:\/\/www.shukuru.fr\/index.php?rest_route=\/wp\/v2\/posts\/1222\/revisions"}],"predecessor-version":[{"id":1548,"href":"https:\/\/www.shukuru.fr\/index.php?rest_route=\/wp\/v2\/posts\/1222\/revisions\/1548"}],"wp:attachment":[{"href":"https:\/\/www.shukuru.fr\/index.php?rest_route=%2Fwp%2Fv2%2Fmedia&parent=1222"}],"wp:term":[{"taxonomy":"category","embeddable":true,"href":"https:\/\/www.shukuru.fr\/index.php?rest_route=%2Fwp%2Fv2%2Fcategories&post=1222"},{"taxonomy":"post_tag","embeddable":true,"href":"https:\/\/www.shukuru.fr\/index.php?rest_route=%2Fwp%2Fv2%2Ftags&post=1222"}],"curies":[{"name":"wp","href":"https:\/\/api.w.org\/{rel}","templated":true}]}}