{"id":1919,"date":"2021-10-22T08:20:02","date_gmt":"2021-10-22T08:20:02","guid":{"rendered":"http:\/\/www.shukuru.fr\/?p=1919"},"modified":"2023-08-30T09:20:55","modified_gmt":"2023-08-30T09:20:55","slug":"structure-sociale","status":"publish","type":"post","link":"https:\/\/www.shukuru.fr\/?p=1919","title":{"rendered":"Structure sociale"},"content":{"rendered":"\n<p><strong>Document 1<\/strong><\/p>\n\n\n\n<figure class=\"wp-block-image size-full\"><a href=\"https:\/\/www.shukuru.fr\/wp-content\/uploads\/2021\/10\/Revenu-dispo.jpg\"><img loading=\"lazy\" decoding=\"async\" width=\"573\" height=\"407\" src=\"https:\/\/www.shukuru.fr\/wp-content\/uploads\/2021\/10\/Revenu-dispo.jpg\" alt=\"\" class=\"wp-image-1920\" srcset=\"https:\/\/www.shukuru.fr\/wp-content\/uploads\/2021\/10\/Revenu-dispo.jpg 573w, https:\/\/www.shukuru.fr\/wp-content\/uploads\/2021\/10\/Revenu-dispo-300x213.jpg 300w, https:\/\/www.shukuru.fr\/wp-content\/uploads\/2021\/10\/Revenu-dispo-422x300.jpg 422w\" sizes=\"auto, (max-width: 573px) 100vw, 573px\" \/><\/a><\/figure>\n\n\n\n<p><strong>Document 2<\/strong><\/p>\n\n\n\n<p><a href=\"https:\/\/www.inegalites.fr\/Les-inegalites-de-salaires-entre-les-femmes-et-les-hommes-etat-des-lieux\">https:\/\/www.inegalites.fr\/Les-inegalites-de-salaires-entre-les-femmes-et-les-hommes-etat-des-lieux<\/a><\/p>\n\n\n\n<p><strong>Document 3<\/strong><strong><\/strong><\/p>\n\n\n\n<figure class=\"wp-block-table\"><table><tbody><tr><td><a><strong>Salaires mensuels moyens et r\u00e9partition des effectifs en \u00e9quivalent temps plein (EQTP)<\/strong><\/a><strong><\/strong><\/td><\/tr><tr><td><strong>&nbsp;<\/strong><strong><\/strong><\/td><\/tr><tr><td>&nbsp;<\/td><td><strong>Salaires nets <\/strong><strong><\/strong><\/td><td><strong>R\u00e9partition des effectifs (en %)<\/strong><strong><\/strong><\/td><\/tr><tr><td>&nbsp;<\/td><td><strong>Euros courants<\/strong><strong><\/strong><\/td><td><strong>Euros constants<\/strong><strong><\/strong><\/td><td><strong>2015<\/strong><strong><\/strong><\/td><td><strong>2016<\/strong><strong><\/strong><\/td><\/tr><tr><td>&nbsp;<\/td><td><strong>2015<\/strong><strong><\/strong><\/td><td><strong>2016<\/strong><strong><\/strong><\/td><td><strong>\u00c9volution (en %)<\/strong><strong><\/strong><\/td><\/tr><tr><td>Cadres<sup>1<\/sup><\/td><td>4 030<\/td><td>4 060<\/td><td>0,6<\/td><td>&nbsp;&nbsp;&nbsp;&nbsp;&nbsp;&nbsp;&nbsp;&nbsp;&nbsp;&nbsp;&nbsp;&nbsp; 19,5&nbsp;&nbsp;<\/td><td>&nbsp;&nbsp;&nbsp;&nbsp;&nbsp;&nbsp;&nbsp; 19,7&nbsp;&nbsp;<\/td><\/tr><tr><td>Professions interm\u00e9diaires<\/td><td>2 235<\/td><td>2 241<\/td><td>0,1<\/td><td>&nbsp;&nbsp;&nbsp;&nbsp;&nbsp;&nbsp;&nbsp;&nbsp;&nbsp;&nbsp;&nbsp;&nbsp; 20,4&nbsp;&nbsp;<\/td><td>&nbsp;&nbsp;&nbsp;&nbsp;&nbsp;&nbsp;&nbsp; 20,3&nbsp;&nbsp;<\/td><\/tr><tr><td>Employ\u00e9s<\/td><td>1 588<\/td><td>1 590<\/td><td>0,0<\/td><td>&nbsp;&nbsp;&nbsp;&nbsp;&nbsp;&nbsp;&nbsp;&nbsp;&nbsp;&nbsp;&nbsp;&nbsp; 29,5&nbsp;&nbsp;<\/td><td>&nbsp;&nbsp;&nbsp;&nbsp;&nbsp;&nbsp;&nbsp; 29,6&nbsp;&nbsp;<\/td><\/tr><tr><td>Ouvriers<\/td><td>1 674<\/td><td>1 681<\/td><td>0,3<\/td><td>&nbsp;&nbsp;&nbsp;&nbsp;&nbsp;&nbsp;&nbsp;&nbsp;&nbsp;&nbsp;&nbsp;&nbsp; 30,6&nbsp;&nbsp;<\/td><td>&nbsp;&nbsp;&nbsp;&nbsp;&nbsp;&nbsp;&nbsp; 30,3&nbsp;&nbsp;<\/td><\/tr><tr><td>Hommes<\/td><td>2 418<\/td><td>2 431<\/td><td>0,4<\/td><td>&nbsp;&nbsp;&nbsp;&nbsp;&nbsp;&nbsp;&nbsp;&nbsp;&nbsp;&nbsp;&nbsp;&nbsp; 58,3&nbsp;&nbsp;<\/td><td>&nbsp;&nbsp;&nbsp;&nbsp;&nbsp;&nbsp;&nbsp; 58,2&nbsp;&nbsp;<\/td><\/tr><tr><td>Femmes<\/td><td>1 950<\/td><td>1 969<\/td><td>0,8<\/td><td>&nbsp;&nbsp;&nbsp;&nbsp;&nbsp;&nbsp;&nbsp;&nbsp;&nbsp;&nbsp;&nbsp;&nbsp; 41,7&nbsp;&nbsp;<\/td><td>&nbsp;&nbsp;&nbsp;&nbsp;&nbsp;&nbsp;&nbsp; 41,8&nbsp;&nbsp;<\/td><\/tr><tr><td>Construction<\/td><td>2 025<\/td><td>2 047<\/td><td>0,9<\/td><td>&nbsp;&nbsp;&nbsp;&nbsp;&nbsp;&nbsp;&nbsp;&nbsp;&nbsp;&nbsp;&nbsp;&nbsp;&nbsp;&nbsp; 8,0&nbsp;&nbsp;<\/td><td>&nbsp;&nbsp;&nbsp;&nbsp;&nbsp;&nbsp;&nbsp;&nbsp;&nbsp; 7,8&nbsp;&nbsp;<\/td><\/tr><tr><td>Industrie<\/td><td>2 454<\/td><td>2 487<\/td><td>1,2<\/td><td>&nbsp;&nbsp;&nbsp;&nbsp;&nbsp;&nbsp;&nbsp;&nbsp;&nbsp;&nbsp;&nbsp;&nbsp; 18,7&nbsp;&nbsp;<\/td><td>&nbsp;&nbsp;&nbsp;&nbsp;&nbsp;&nbsp;&nbsp; 18,3&nbsp;&nbsp;<\/td><\/tr><tr><td>Tertiaire<\/td><td>2 186<\/td><td>2 197<\/td><td>0,3<\/td><td>&nbsp;&nbsp;&nbsp;&nbsp;&nbsp;&nbsp;&nbsp;&nbsp;&nbsp;&nbsp;&nbsp;&nbsp; 73,4&nbsp;&nbsp;<\/td><td>&nbsp;&nbsp;&nbsp;&nbsp;&nbsp;&nbsp;&nbsp; 73,9&nbsp;&nbsp;<\/td><\/tr><tr><td><strong>Ensemble y c. emplois aid\u00e9s<\/strong><strong><\/strong><\/td><td><strong>2 223<\/strong><strong><\/strong><\/td><td><strong>2 238<\/strong><strong><\/strong><\/td><td><strong>0,5<\/strong><strong><\/strong><\/td><td><strong>&nbsp;&nbsp;&nbsp;&nbsp;&nbsp;&nbsp;&nbsp;&nbsp;&nbsp;&nbsp;&nbsp; 100,0&nbsp;&nbsp; <\/strong><strong><\/strong><\/td><td><strong>&nbsp;&nbsp;&nbsp;&nbsp;&nbsp; 100,0&nbsp;&nbsp; <\/strong><strong><\/strong><\/td><\/tr><tr><td><em>Ensemble hors emplois aid\u00e9s<\/em><em><\/em><\/td><td><em>2 248<\/em><em><\/em><\/td><td><em>2 263<\/em><em><\/em><\/td><td><em>0,5<\/em><em><\/em><\/td><td><em>\/\/\/<\/em><em><\/em><\/td><td><em>\/\/\/<\/em><em><\/em><\/td><\/tr><tr><td>1. Y compris chefs d&rsquo;entreprise salari\u00e9s.<\/td><td><strong>&nbsp;<\/strong><strong><\/strong><\/td><td><strong>&nbsp;<\/strong><strong><\/strong><\/td><td><strong>&nbsp;<\/strong><strong><\/strong><\/td><td><strong>&nbsp;<\/strong><strong><\/strong><\/td><\/tr><tr><td>Champ : France, salari\u00e9s en EQTP du priv\u00e9 et des entreprises publiques, y compris b\u00e9n\u00e9ficiaires de contrats aid\u00e9s et de contrats de professionnalisation ; hors apprentis, stagiaires, salari\u00e9s agricoles et salari\u00e9s des particuliers employeurs.<\/td><\/tr><tr><td><em>Source : Insee, d\u00e9clarations annuelles de donn\u00e9es sociales (DADS).<\/em><em><\/em><\/td><td><strong>&nbsp;<\/strong><strong><\/strong><\/td><td><strong>&nbsp;<\/strong><strong><\/strong><\/td><\/tr><\/tbody><\/table><\/figure>\n\n\n\n<p><\/p>\n","protected":false},"excerpt":{"rendered":"<p>Document 1 Document 2 https:\/\/www.inegalites.fr\/Les-inegalites-de-salaires-entre-les-femmes-et-les-hommes-etat-des-lieux Document 3 Salaires mensuels moyens et r\u00e9partition des effectifs en \u00e9quivalent temps plein (EQTP) &nbsp; &nbsp; Salaires nets R\u00e9partition des effectifs (en %) &nbsp; Euros courants Euros constants 2015 2016 &nbsp; 2015 2016 \u00c9volution (en %) Cadres1 4 030 4 060 0,6 &nbsp;&nbsp;&nbsp;&nbsp;&nbsp;&nbsp;&nbsp;&nbsp;&nbsp;&nbsp;&nbsp;&nbsp; 19,5&nbsp;&nbsp; &nbsp;&nbsp;&nbsp;&nbsp;&nbsp;&nbsp;&nbsp; 19,7&nbsp;&nbsp; Professions interm\u00e9diaires 2 235 &#8230; <a href=\"https:\/\/www.shukuru.fr\/?p=1919\" class=\"more-link\">Read More<span class=\"screen-reader-text\"> \u00ab\u00a0Structure sociale\u00a0\u00bb<\/span> &raquo;<\/a><\/p>\n","protected":false},"author":2,"featured_media":0,"comment_status":"open","ping_status":"open","sticky":false,"template":"","format":"standard","meta":{"footnotes":""},"categories":[41],"tags":[],"class_list":["post-1919","post","type-post","status-publish","format-standard","hentry","category-td-e"],"_links":{"self":[{"href":"https:\/\/www.shukuru.fr\/index.php?rest_route=\/wp\/v2\/posts\/1919","targetHints":{"allow":["GET"]}}],"collection":[{"href":"https:\/\/www.shukuru.fr\/index.php?rest_route=\/wp\/v2\/posts"}],"about":[{"href":"https:\/\/www.shukuru.fr\/index.php?rest_route=\/wp\/v2\/types\/post"}],"author":[{"embeddable":true,"href":"https:\/\/www.shukuru.fr\/index.php?rest_route=\/wp\/v2\/users\/2"}],"replies":[{"embeddable":true,"href":"https:\/\/www.shukuru.fr\/index.php?rest_route=%2Fwp%2Fv2%2Fcomments&post=1919"}],"version-history":[{"count":1,"href":"https:\/\/www.shukuru.fr\/index.php?rest_route=\/wp\/v2\/posts\/1919\/revisions"}],"predecessor-version":[{"id":1921,"href":"https:\/\/www.shukuru.fr\/index.php?rest_route=\/wp\/v2\/posts\/1919\/revisions\/1921"}],"wp:attachment":[{"href":"https:\/\/www.shukuru.fr\/index.php?rest_route=%2Fwp%2Fv2%2Fmedia&parent=1919"}],"wp:term":[{"taxonomy":"category","embeddable":true,"href":"https:\/\/www.shukuru.fr\/index.php?rest_route=%2Fwp%2Fv2%2Fcategories&post=1919"},{"taxonomy":"post_tag","embeddable":true,"href":"https:\/\/www.shukuru.fr\/index.php?rest_route=%2Fwp%2Fv2%2Ftags&post=1919"}],"curies":[{"name":"wp","href":"https:\/\/api.w.org\/{rel}","templated":true}]}}