{"id":853,"date":"2014-04-15T17:16:07","date_gmt":"2014-04-15T17:16:07","guid":{"rendered":"http:\/\/www.shukuru.fr\/?p=853"},"modified":"2023-08-27T14:16:34","modified_gmt":"2023-08-27T14:16:34","slug":"le-smic-machine-a-polemique","status":"publish","type":"post","link":"https:\/\/www.shukuru.fr\/?p=853","title":{"rendered":"Le Smic, machine \u00e0 pol\u00e9mique"},"content":{"rendered":"<header>\n<figure itemscope=\"\" itemtype=\"http:\/\/schema.org\/ImageObject\"><\/figure>\n<div>\n<div itemprop=\"copyrightHolder provider sourceOrganization\" itemscope=\"\" itemtype=\"http:\/\/schema.org\/Organization\"><span style=\"font-size: 16px;\">Sale temps pour le Smic. Le pr\u00e9sident du Medef, Pierre Gattaz, s\u2019est prononc\u00e9 mardi pour l\u2019instauration \u00e0 titre\u00a0<\/span><em style=\"font-size: 16px;\">\u00abtemporaire\u00bb<\/em><span style=\"font-size: 16px;\">\u00a0d\u2019un salaire\u00a0<\/span><em style=\"font-size: 16px;\">\u00abtransitoire\u00bb<\/em><span style=\"font-size: 16px;\">\u00a0inf\u00e9rieur au Smic pour permettre notamment aux jeunes d\u2019entrer sur le march\u00e9 du travail. Une sortie qui tombe quelques jours apr\u00e8s des d\u00e9clarations du socialiste et ex-directeur g\u00e9n\u00e9ral de l\u2019Organisation mondiale du commerce Pascal Lamy. Et la publication d\u2019un livre plut\u00f4t critique sur le Smic fran\u00e7ais sign\u00e9 par les \u00e9conomistes Philippe Aghion, Gilbert Cette et Elie Cohen, tous trois plut\u00f4t proches du pouvoir actuel et qui ont d\u00e9jeun\u00e9 avec Fran\u00e7ois Hollande ce mardi<\/span><\/div>\n<p>Les r\u00e9actions \u00e0 la sortie de Gattaz n\u2019ont pas tra\u00een\u00e9, la premi\u00e8re venant de la pr\u00e9c\u00e9dente patronne des patrons, Laurence Parisot, qui a critiqu\u00e9 une\u00a0<em>\u00aberreur d\u2019analyse\u00bb<\/em>\u00a0et d\u00e9nonc\u00e9 la\u00a0<em>\u00ablogique esclavagiste\u00bb<\/em>\u00a0derri\u00e8re la proposition d\u2019un salaire en dessous du Smic.<br \/>\nLe syndicat Force ouvri\u00e8re a affirm\u00e9 dans un communiqu\u00e9 que Pierre Gattaz<em>\u00abentend ressusciter un Smic jeunes\u00bb<\/em>\u00a0et a promis de combattre une proposition aussi<em>\u00abind\u00e9cente\u00bb<\/em>.<br \/>\nPour justifier sa sortie, Pierre Gattaz a utilis\u00e9 l\u2019argument classique d\u2019un montant trop \u00e9lev\u00e9 qui emp\u00eacherait certains ch\u00f4meurs d\u2019\u00eatre embauch\u00e9s, notamment chez les jeunes.\u00a0<em>\u00a0\u00abLe niveau \u00e9lev\u00e9 du Smic est une marche d\u2019escalier \u00e0 franchir en France\u00bb<\/em>pour trouver du travail, a soulign\u00e9 le patron des patrons, lors de son point de presse mensuel.<br \/>\nSelon lui, une solution consisterait \u00e0\u00a0<em>\u00abavoir temporairement un syst\u00e8me permettant la premi\u00e8re ann\u00e9e\u00bb<\/em>\u00a0pour\u00a0<em>\u00abun jeune ou quelqu\u2019un qui ne trouve pas de travail, de rentrer dans l\u2019entreprise de fa\u00e7on transitoire avec un salaire adapt\u00e9, qui ne serait pas forc\u00e9ment le salaire du Smic\u00bb<\/em>, a-t-il dit.<\/p>\n<h3><span style=\"font-size: 16px;\">Ce syst\u00e8me, a-t-il fait valoir,\u00a0<\/span><em style=\"font-size: 16px;\">\u00abpermettrait de mettre le pied \u00e0 l\u2019\u00e9trier\u00bb<\/em><span style=\"font-size: 16px;\">.\u00a0<\/span><em style=\"font-size: 16px;\">\u00abIl vaut mieux quelqu\u2019un qui travaille dans l\u2019entreprise avec un salaire un peu moins \u00e9lev\u00e9 que le Smic, de fa\u00e7on temporaire et transitoire, plut\u00f4t que de le laisser au ch\u00f4mage\u00bb<\/em><span style=\"font-size: 16px;\">, a-t-il estim\u00e9.\u00a0<\/span><em style=\"font-size: 16px;\">\u00abAvec un niveau de ch\u00f4mage \u00e0\u00a011%, cela fait partie des pistes \u00e0 explorer\u00bb<\/em><span style=\"font-size: 16px;\">, a ajout\u00e9 Pierre Gattaz, qui souhaite en d\u00e9battre\u00a0<\/span><em style=\"font-size: 16px;\">\u00abavec le gouvernement et les partenaires sociaux\u00bb<\/em><span style=\"font-size: 16px;\">.<\/span><\/h3>\n<p>Comme on lui rappelait les pr\u00e9c\u00e9dentes tentatives avort\u00e9es pour instituer un Smic jeunes, Pierre Gattaz a affirm\u00e9 qu\u2019aujourd\u2019hui\u00a0<em>\u00abnous sommes au bord du pr\u00e9cipice\u00bb<\/em>et qu\u2019il faut\u00a0<em>\u00absortir de la doctrine et du dogme\u00bb<\/em>\u00a0pour cr\u00e9er des emplois.<\/p>\n<h3><span style=\"font-size: 16px;\">Le pr\u00e9sident du Medef s\u2019est dit en accord avec Pascal Lamy, ex-directeur g\u00e9n\u00e9ral de l\u2019Organisation mondiale du commerce (OMC) qui a plaid\u00e9 il y a deux semaines pour plus de \u00ab\u00a0flexibilit\u00e9\u00a0\u00bb sur le march\u00e9 du travail, avec notamment des\u00a0<\/span><em style=\"font-size: 16px;\">\u00abpetits boulots\u00bb<\/em><span style=\"font-size: 16px;\">pay\u00e9s en dessous du Smic. Cette logique \u00e9voque les\u00a0<\/span><em style=\"font-size: 16px;\">mini-jobs<\/em><span style=\"font-size: 16px;\">\u00a0allemands, l\u2019un des contrats rendus possibles par les r\u00e9formes du march\u00e9 du travail men\u00e9es lors du mandat de l\u2019ex-chancelier social-d\u00e9mocrate Gerhard Schr\u00f6der. Et souvent cit\u00e9es en exemple par la droite fran\u00e7aise, mais aussi par une partie de la gauche.<\/span><\/h3>\n<p>Sans aller jusqu\u2019\u00e0 plaider pour un sous-Smic, le livre publi\u00e9 r\u00e9cemment par trois \u00e9conomistes qui ont conseill\u00e9 Fran\u00e7ois Hollande \u00e0 un moment ou \u00e0 un autre nourrit les d\u00e9bats contre le salaire minimum fran\u00e7ais. Dans\u00a0<em>Changer de mod\u00e8le<\/em>, Philippe Aghion, Gilbert Cette et Elie Cohen plaident pour de nombreuses r\u00e9formes<em>\u00abstructurelles\u00bb<\/em>\u00a0(plus de flexibilit\u00e9, de concurrence, etc.), et critiquent le niveau \u00e9lev\u00e9 du Smic fran\u00e7ais (<em>\u00abpr\u00e9judiciable \u00e0 l\u2019emploi et la comp\u00e9titivit\u00e9\u00bb<\/em>) ainsi que son uniformit\u00e9.<br \/>\nIls souhaitent une\u00a0<em>\u00abr\u00e9forme ambitieuse du Smic [qui] ne doit exclure a priori aucun aspect\u00a0: r\u00e9vision de fond de la r\u00e8gle de revalorisation automatique, r\u00e9gionalisation, diff\u00e9renciation selon l\u2019\u00e2ge\u2026.\u00bb<\/em>\u00a0Ils ouvrent ainsi la voie (th\u00e9orique) \u00e0 des Smic diff\u00e9renci\u00e9s \u00e0 Limoges, Vesoul ou Paris et selon l\u2019\u00e2ge du salari\u00e9.<\/p>\n<p><a href=\"http:\/\/www.liberation.fr\/auteur\/6372-florent-latrive\">Florent LATRIVE<\/a>\u00a0\u00a015 AVRIL 2014 \u00c0 12:07 LIBERATION<\/p>\n<\/div>\n<div itemprop=\"articleBody\"><\/div>\n<div itemprop=\"articleBody\"><\/div>\n<div itemprop=\"articleBody\"><\/div>\n<div itemprop=\"articleBody\">Quelques pr\u00e9cisions :<\/div>\n<div itemprop=\"articleBody\">Selon la bonne vieille th\u00e9orie n\u00e9oclassique, celle qui permet d&rsquo;\u00e9viter les crises et qui rend tout le monde heureux. Le salaire est avant tout un co\u00fbt. la baisse du salaire est donc une baisse du prix du travail. comme sur tous les march\u00e9s, si les prix baissent la demande augmente. En l\u2019occurrence, la demande de travail des entreprises. Tant qu&rsquo;il y a du ch\u00f4mage, il faut donc baisser le co\u00fbt du travail.<\/div>\n<div itemprop=\"articleBody\">Mais, ce que la th\u00e9orie et ses z\u00e9lateurs ne disent pas aujourd&rsquo;hui, c&rsquo;est que les salaires n&rsquo;augmentent pas depuis plusieurs ann\u00e9es. En cons\u00e9quence, comme le SMIC augmente avec l&rsquo;inflation et parfois plus que celle-ci, le SMIC \u00ab\u00a0rattrape\u00a0\u00bb des travailleurs qui \u00e9taient pay\u00e9s plus que lui. Le nombre de smicards augmente donc chaque ann\u00e9e dans notre pays.<\/div>\n<div itemprop=\"articleBody\">Par ailleurs, un salaire est un revenu qui permet la consommation; vouloir baisser le SMIC, c&rsquo;est ne pas tenir compte du pouvoir d&rsquo;achat des travailleurs les plus pauvres. Or ceux-ci ont la propension \u00e0 consommer la plus importante (ils \u00e9pargnent peu); si leur salaire baisse, imm\u00e9diatement, leur consommation va diminuer. Comme ils sont nombreux, il y a fort \u00e0 parier que l&rsquo;augmentation des travailleurs employ\u00e9s ne compensera pas la baisse de revenu des smicards.<\/div>\n<div itemprop=\"articleBody\">Gattaz propose de mani\u00e8re transitoire, un salaire plus faible que le SMIC pour faire rentrer les jeunes sur le march\u00e9 du travail. D&rsquo;une part cela signifie que les jeunes ne \u00ab\u00a0valent\u00a0\u00bb pas les autres travailleurs, on peut donc les payer moins cher. Si cela \u00e9tait, les entreprises remplaceraient rapidement les plus vieux par des plus jeunes pour all\u00e9ger leurs co\u00fbts de production. Donc \u00e0 terme, tous les salaires baisseraient pour \u00e9viter l&rsquo;augmentation du ch\u00f4mage. La mesure n&rsquo;aura pas permis de diminuer le ch\u00f4mage mais elle aura permis de baisser le co\u00fbt du travail et d&rsquo;augmenter les profits des entreprises.<\/div>\n<div itemprop=\"articleBody\">D&rsquo;autre part, que signifie temporaire ? A quel moment, les entreprises et Gattaz diront-ils : oui, maintenant vous pouvez augmenter le salaire pour les jeunes ?<\/div>\n<div itemprop=\"articleBody\">La r\u00e9ponse est : jamais. Un tel effet d&rsquo;aubaine ne se laisse pas passer.<\/div>\n<div itemprop=\"articleBody\"><\/div>\n<div itemprop=\"articleBody\">Pourquoi Gattaz ne propose-t-il pas temporairement de limiter les salaires des patrons \u00e0 10 000 \u20ac par mois, afin d&rsquo;all\u00e9ger la masse salariale ? Est ce parce qu&rsquo;il serait touch\u00e9 par une telle mesure ?<\/div>\n<div itemprop=\"articleBody\"><\/div>\n<div itemprop=\"articleBody\">Si on va au bout du \u00ab\u00a0raisonnement\u00a0\u00bb, il ne faut pas de salaire, cela freine l&#8217;embauche. r\u00e9tablissons l&rsquo;esclavage. En ce temps b\u00e9nis, les entreprises ne faisaient pas faillite, en plus on pouvait fouetter le petit personnel, c&rsquo;\u00e9tait bien.<\/div>\n<div itemprop=\"articleBody\">La d\u00e9faite du PS au \u00e9lections l\u00e9gislative, n&rsquo;a apparemment pas permis au pr\u00e9sident de la R\u00e9publique et \u00e0 ses conseiller de comprendre o\u00f9 \u00e9tait le probl\u00e8me.<\/div>\n<div itemprop=\"articleBody\">Il faut qu&rsquo;ils aillent vivre avec des travailleurs qui gagnent le SMIC pour voir ce qu&rsquo;est une soci\u00e9t\u00e9 de consommation lorsqu&rsquo;on n&rsquo;a pas les moyens, comment les fins de mois sont difficiles.<\/div>\n<div itemprop=\"articleBody\">Mais comme pour beaucoup de domaine, nous ne sommes plus que des statistiques et non des humains, la pr\u00e9carit\u00e9, la pauvret\u00e9, la souffrance deviennent des concepts abstraits pour nos grands penseurs.<\/div>\n<div itemprop=\"articleBody\"><\/div>\n<div itemprop=\"articleBody\">Shukuru<\/div>\n<\/header>\n","protected":false},"excerpt":{"rendered":"<p>Sale temps pour le Smic. Le pr\u00e9sident du Medef, Pierre Gattaz, s\u2019est prononc\u00e9 mardi pour l\u2019instauration \u00e0 titre\u00a0\u00abtemporaire\u00bb\u00a0d\u2019un salaire\u00a0\u00abtransitoire\u00bb\u00a0inf\u00e9rieur au Smic pour permettre notamment aux jeunes d\u2019entrer sur le march\u00e9 du travail. Une sortie qui tombe quelques jours apr\u00e8s des d\u00e9clarations du socialiste et ex-directeur g\u00e9n\u00e9ral de l\u2019Organisation mondiale du commerce Pascal Lamy. Et la &#8230; <a href=\"https:\/\/www.shukuru.fr\/?p=853\" class=\"more-link\">Read More<span class=\"screen-reader-text\"> \u00ab\u00a0Le Smic, machine \u00e0 pol\u00e9mique\u00a0\u00bb<\/span> &raquo;<\/a><\/p>\n","protected":false},"author":2,"featured_media":0,"comment_status":"open","ping_status":"open","sticky":false,"template":"","format":"standard","meta":{"footnotes":""},"categories":[3,47],"tags":[],"class_list":["post-853","post","type-post","status-publish","format-standard","hentry","category-actualite","category-archives"],"_links":{"self":[{"href":"https:\/\/www.shukuru.fr\/index.php?rest_route=\/wp\/v2\/posts\/853","targetHints":{"allow":["GET"]}}],"collection":[{"href":"https:\/\/www.shukuru.fr\/index.php?rest_route=\/wp\/v2\/posts"}],"about":[{"href":"https:\/\/www.shukuru.fr\/index.php?rest_route=\/wp\/v2\/types\/post"}],"author":[{"embeddable":true,"href":"https:\/\/www.shukuru.fr\/index.php?rest_route=\/wp\/v2\/users\/2"}],"replies":[{"embeddable":true,"href":"https:\/\/www.shukuru.fr\/index.php?rest_route=%2Fwp%2Fv2%2Fcomments&post=853"}],"version-history":[{"count":1,"href":"https:\/\/www.shukuru.fr\/index.php?rest_route=\/wp\/v2\/posts\/853\/revisions"}],"predecessor-version":[{"id":2138,"href":"https:\/\/www.shukuru.fr\/index.php?rest_route=\/wp\/v2\/posts\/853\/revisions\/2138"}],"wp:attachment":[{"href":"https:\/\/www.shukuru.fr\/index.php?rest_route=%2Fwp%2Fv2%2Fmedia&parent=853"}],"wp:term":[{"taxonomy":"category","embeddable":true,"href":"https:\/\/www.shukuru.fr\/index.php?rest_route=%2Fwp%2Fv2%2Fcategories&post=853"},{"taxonomy":"post_tag","embeddable":true,"href":"https:\/\/www.shukuru.fr\/index.php?rest_route=%2Fwp%2Fv2%2Ftags&post=853"}],"curies":[{"name":"wp","href":"https:\/\/api.w.org\/{rel}","templated":true}]}}